{"id":3235,"date":"2025-01-05T16:41:14","date_gmt":"2025-01-05T07:41:14","guid":{"rendered":"https:\/\/k-ino.jp\/?p=3235"},"modified":"2025-01-05T16:48:25","modified_gmt":"2025-01-05T07:48:25","slug":"nouvelle-exposition-dart%e3%80%80le-salon-2025","status":"publish","type":"post","link":"https:\/\/k-ino.jp\/fr\/nouvelle-exposition-dart%e3%80%80le-salon-2025\/","title":{"rendered":"Nouvelle exposition d&rsquo;art\u3000Le Salon 2025"},"content":{"rendered":"<p>Nouvelle exposition <a href=\"https:\/\/k-ino.jp\/wp\/wp-content\/uploads\/2025\/01\/7_instagram_salon_1350-x1080.jpeg\"><img loading=\"lazy\" decoding=\"async\" class=\"alignright size-medium wp-image-3195\" src=\"https:\/\/k-ino.jp\/wp\/wp-content\/uploads\/2025\/01\/7_instagram_salon_1350-x1080-256x320.jpeg\" alt=\"\" width=\"256\" height=\"320\" srcset=\"https:\/\/k-ino.jp\/wp\/wp-content\/uploads\/2025\/01\/7_instagram_salon_1350-x1080-256x320.jpeg 256w, https:\/\/k-ino.jp\/wp\/wp-content\/uploads\/2025\/01\/7_instagram_salon_1350-x1080-512x640.jpeg 512w, https:\/\/k-ino.jp\/wp\/wp-content\/uploads\/2025\/01\/7_instagram_salon_1350-x1080-768x960.jpeg 768w, https:\/\/k-ino.jp\/wp\/wp-content\/uploads\/2025\/01\/7_instagram_salon_1350-x1080.jpeg 1024w\" sizes=\"auto, (max-width: 256px) 100vw, 256px\" \/><\/a>d&rsquo;art\u3000Le Salon 2025<\/p>\n<p>Je suis ravie d&rsquo;annoncer que mon travail Kumiko a \u00e9t\u00e9 s\u00e9lectionn\u00e9 pour Le Salon 2025, l&rsquo;un des meilleurs salons fran\u00e7ais avec une histoire de plus de 300 ans. Mon travail sera expos\u00e9 dans un lieu du Grand Palais \u2013 Paris du 19 au 22 f\u00e9vrier.<\/p>\n<p>Je serai \u00e0 Paris pendant l&rsquo;exposition, et n&rsquo;h\u00e9sitez pas \u00e0 me contacter si vous \u00eates int\u00e9ress\u00e9 par l&rsquo;art et le Kumiko.<\/p>\n<p>Merci.<\/p>\n<p>Du 19 au 22 f\u00e9vrier 2025<br \/>\nAu Grand Palais \u2013 Paris<a href=\"https:\/\/k-ino.jp\/wp\/wp-content\/uploads\/2024\/01\/DSC02954as2s.jpg\"><img loading=\"lazy\" decoding=\"async\" class=\"alignright size-medium wp-image-3075\" src=\"https:\/\/k-ino.jp\/wp\/wp-content\/uploads\/2024\/01\/DSC02954as2s-320x249.jpg\" alt=\"\" width=\"320\" height=\"249\" srcset=\"https:\/\/k-ino.jp\/wp\/wp-content\/uploads\/2024\/01\/DSC02954as2s-320x249.jpg 320w, https:\/\/k-ino.jp\/wp\/wp-content\/uploads\/2024\/01\/DSC02954as2s-640x499.jpg 640w, https:\/\/k-ino.jp\/wp\/wp-content\/uploads\/2024\/01\/DSC02954as2s-768x598.jpg 768w, https:\/\/k-ino.jp\/wp\/wp-content\/uploads\/2024\/01\/DSC02954as2s.jpg 1280w\" sizes=\"auto, (max-width: 320px) 100vw, 320px\" \/><\/a><\/p>\n<p>Le Salon HP<\/p>\n<p><a href=\"https:\/\/www.artistes-francais.com\/en\">https:\/\/www.artistes-francais.com\/en<\/a><\/p>\n","protected":false},"excerpt":{"rendered":"Nouvelle exposition d&rsquo;art\u3000Le Salon 2025 Je suis ravie d&rsquo;annoncer que mon travail Kumiko a \u00e9t\u00e9 s\u00e9lectionn\u00e9 pour Le Salon 2025, l&rsquo;un des meilleurs salons fran\u00e7ais avec une histoire de plus de 300 ans. Mon travail sera expos\u00e9 dans un lieu du Grand Palais \u2013 Paris du 19 au 22 f\u00e9vrier. Je serai \u00e0 Paris pendant l&rsquo;exposition, et n&rsquo;h\u00e9sitez pas \u00e0 me contacter si vous \u00eates int\u00e9ress\u00e9 par l&rsquo;art et le Kumiko. Merci. Du 19 au 22 f\u00e9vrier 2025 Au Grand Palais \u2013 Paris Le Salon HP https:\/\/www.artistes-francais.com\/en","protected":false},"author":1,"featured_media":3195,"comment_status":"open","ping_status":"open","sticky":false,"template":"","format":"standard","meta":{"_acf_changed":false,"footnotes":""},"categories":[10,18],"tags":[],"class_list":["post-3235","post","type-post","status-publish","format-standard","has-post-thumbnail","hentry","category-information-fr","category-events-fr"],"acf":[],"publishpress_future_action":{"enabled":false,"date":"2026-09-14 02:48:11","action":"change-status","newStatus":"draft","terms":[],"taxonomy":"category","extraData":[]},"publishpress_future_workflow_manual_trigger":{"enabledWorkflows":[]},"_links":{"self":[{"href":"https:\/\/k-ino.jp\/fr\/wp-json\/wp\/v2\/posts\/3235","targetHints":{"allow":["GET"]}}],"collection":[{"href":"https:\/\/k-ino.jp\/fr\/wp-json\/wp\/v2\/posts"}],"about":[{"href":"https:\/\/k-ino.jp\/fr\/wp-json\/wp\/v2\/types\/post"}],"author":[{"embeddable":true,"href":"https:\/\/k-ino.jp\/fr\/wp-json\/wp\/v2\/users\/1"}],"replies":[{"embeddable":true,"href":"https:\/\/k-ino.jp\/fr\/wp-json\/wp\/v2\/comments?post=3235"}],"version-history":[{"count":1,"href":"https:\/\/k-ino.jp\/fr\/wp-json\/wp\/v2\/posts\/3235\/revisions"}],"predecessor-version":[{"id":3236,"href":"https:\/\/k-ino.jp\/fr\/wp-json\/wp\/v2\/posts\/3235\/revisions\/3236"}],"wp:featuredmedia":[{"embeddable":true,"href":"https:\/\/k-ino.jp\/fr\/wp-json\/wp\/v2\/media\/3195"}],"wp:attachment":[{"href":"https:\/\/k-ino.jp\/fr\/wp-json\/wp\/v2\/media?parent=3235"}],"wp:term":[{"taxonomy":"category","embeddable":true,"href":"https:\/\/k-ino.jp\/fr\/wp-json\/wp\/v2\/categories?post=3235"},{"taxonomy":"post_tag","embeddable":true,"href":"https:\/\/k-ino.jp\/fr\/wp-json\/wp\/v2\/tags?post=3235"}],"curies":[{"name":"wp","href":"https:\/\/api.w.org\/{rel}","templated":true}]}}